{"id":1220,"date":"2024-05-01T12:21:20","date_gmt":"2024-05-01T12:21:20","guid":{"rendered":"https:\/\/ursulaheimann.de\/?p=1220"},"modified":"2024-05-01T12:21:20","modified_gmt":"2024-05-01T12:21:20","slug":"haus-der-moeglichkeiten-in-soltau-eroeffnet","status":"publish","type":"post","link":"https:\/\/ursulaheimann.de\/de\/haus-der-moeglichkeiten-in-soltau-eroeffnet\/","title":{"rendered":"Haus der M\u00f6glichkeiten in Soltau er\u00f6ffnet"},"content":{"rendered":"<p style=\"font-weight: 400;\">Am 13. April 2024 wurde das Haus der M\u00f6glichkeiten in der Soltauer Marktstra\u00dfe 31 er\u00f6ffnet. Im Mittelpunkt stehen Soltauer Verein, Soltauer K\u00fcnstler und die Ausstellung der M\u00f6glichkeiten der franz\u00f6sischen Organisation <em>Snowball Effect<\/em>. Gezeigt werden M\u00f6glichkeiten des Engagements f\u00fcr die Stadt, f\u00fcr die Kunst und f\u00fcr Nachhaltigkeit, Integration und zukunftsf\u00e4higes leben und wirtschaften. Mehr Info <a href=\"https:\/\/www.soltau.de\/home\/bauen-wohnen-stadtentwicklung\/stadtentwicklung\/innenstadtentwicklung\/haus-der-moeglichkeiten-soltau.aspx\/\">hier<\/a>.<\/p>\n<p style=\"font-weight: 400;\">Kommen Sie vorbei, seien Sie dabei \u2013 Mittwochs 10:00 \u2013 18:00, Freitags 14:00 \u2013 18:00 und Samstags 09:00 \u2013 13:00. F\u00fcr besondere Veranstaltungen werden <a href=\"https:\/\/www.soltau.de\/home\/bauen-wohnen-stadtentwicklung\/stadtentwicklung\/innenstadtentwicklung\/haus-der-moeglichkeiten-soltau.aspx\/\">weitere Termine<\/a> im Haus der M\u00f6glichkeiten, in der \u00f6rtlichen Presse und im <a href=\"https:\/\/www.soltau.de\/home\/aktuelles\/veranstaltungskalender.aspx#\/stadt_soltau_kalender\/?widgetToken=aMzrHkYXv_k.&amp;\">Veranstaltungskalender<\/a> der Stadt Soltau bekannt gegeben.<\/p>\n","protected":false},"excerpt":{"rendered":"<p>Am 13. April 2024 wurde das Haus der M\u00f6glichkeiten in der Soltauer Marktstra\u00dfe 31 er\u00f6ffnet. Im Mittelpunkt stehen Soltauer Verein, Soltauer K\u00fcnstler und die Ausstellung der<span class=\"excerpt-hellip\"> [\u2026]<\/span><\/p>\n","protected":false},"author":2,"featured_media":1221,"comment_status":"closed","ping_status":"closed","sticky":false,"template":"","format":"standard","meta":{"footnotes":""},"categories":[1],"tags":[],"class_list":["post-1220","post","type-post","status-publish","format-standard","has-post-thumbnail","hentry","category-unkategorisiert"],"yoast_head":"<!-- This site is optimized with the Yoast SEO plugin v23.8 - https:\/\/yoast.com\/wordpress\/plugins\/seo\/ -->\n<title>Haus der M\u00f6glichkeiten in Soltau er\u00f6ffnet - Dr. Ursula Heimann<\/title>\n<meta name=\"robots\" content=\"index, follow, max-snippet:-1, max-image-preview:large, max-video-preview:-1\" \/>\n<link rel=\"canonical\" href=\"https:\/\/ursulaheimann.de\/de\/haus-der-moeglichkeiten-in-soltau-eroeffnet\/\" \/>\n<meta property=\"og:locale\" content=\"de_DE\" \/>\n<meta property=\"og:type\" content=\"article\" \/>\n<meta property=\"og:title\" content=\"Haus der M\u00f6glichkeiten in Soltau er\u00f6ffnet - Dr. Ursula Heimann\" \/>\n<meta property=\"og:description\" content=\"Am 13. April 2024 wurde das Haus der M\u00f6glichkeiten in der Soltauer Marktstra\u00dfe 31 er\u00f6ffnet. Im Mittelpunkt stehen Soltauer Verein, Soltauer K\u00fcnstler und die Ausstellung der [\u2026]\" \/>\n<meta property=\"og:url\" content=\"https:\/\/ursulaheimann.de\/de\/haus-der-moeglichkeiten-in-soltau-eroeffnet\/\" \/>\n<meta property=\"og:site_name\" content=\"Dr. Ursula Heimann\" \/>\n<meta property=\"article:published_time\" content=\"2024-05-01T12:21:20+00:00\" \/>\n<meta property=\"og:image\" content=\"https:\/\/ursulaheimann.de\/wp-content\/uploads\/2024\/05\/Eroeffnung-Haus-der-Moeglichkeiten-Ursula-Heimann-Stadt-Soltau.jpg\" \/>\n\t<meta property=\"og:image:width\" content=\"2000\" \/>\n\t<meta property=\"og:image:height\" content=\"1333\" \/>\n\t<meta property=\"og:image:type\" content=\"image\/jpeg\" \/>\n<meta name=\"author\" content=\"Ursula Heimann\" \/>\n<meta name=\"twitter:card\" content=\"summary_large_image\" \/>\n<meta name=\"twitter:label1\" content=\"Verfasst von\" \/>\n\t<meta name=\"twitter:data1\" content=\"Ursula Heimann\" \/>\n\t<meta name=\"twitter:label2\" content=\"Gesch\u00e4tzte Lesezeit\" \/>\n\t<meta name=\"twitter:data2\" content=\"1\u00a0Minute\" \/>\n<script type=\"application\/ld+json\" class=\"yoast-schema-graph\">{\"@context\":\"https:\/\/schema.org\",\"@graph\":[{\"@type\":\"WebPage\",\"@id\":\"https:\/\/ursulaheimann.de\/de\/haus-der-moeglichkeiten-in-soltau-eroeffnet\/\",\"url\":\"https:\/\/ursulaheimann.de\/de\/haus-der-moeglichkeiten-in-soltau-eroeffnet\/\",\"name\":\"Haus der M\u00f6glichkeiten in Soltau er\u00f6ffnet - Dr. Ursula Heimann\",\"isPartOf\":{\"@id\":\"https:\/\/ursulaheimann.de\/de\/#website\"},\"primaryImageOfPage\":{\"@id\":\"https:\/\/ursulaheimann.de\/de\/haus-der-moeglichkeiten-in-soltau-eroeffnet\/#primaryimage\"},\"image\":{\"@id\":\"https:\/\/ursulaheimann.de\/de\/haus-der-moeglichkeiten-in-soltau-eroeffnet\/#primaryimage\"},\"thumbnailUrl\":\"https:\/\/ursulaheimann.de\/wp-content\/uploads\/2024\/05\/Eroeffnung-Haus-der-Moeglichkeiten-Ursula-Heimann-Stadt-Soltau.jpg\",\"datePublished\":\"2024-05-01T12:21:20+00:00\",\"dateModified\":\"2024-05-01T12:21:20+00:00\",\"author\":{\"@id\":\"https:\/\/ursulaheimann.de\/de\/#\/schema\/person\/043440b9652eb2b708094aad16cbefb1\"},\"breadcrumb\":{\"@id\":\"https:\/\/ursulaheimann.de\/de\/haus-der-moeglichkeiten-in-soltau-eroeffnet\/#breadcrumb\"},\"inLanguage\":\"de\",\"potentialAction\":[{\"@type\":\"ReadAction\",\"target\":[\"https:\/\/ursulaheimann.de\/de\/haus-der-moeglichkeiten-in-soltau-eroeffnet\/\"]}]},{\"@type\":\"ImageObject\",\"inLanguage\":\"de\",\"@id\":\"https:\/\/ursulaheimann.de\/de\/haus-der-moeglichkeiten-in-soltau-eroeffnet\/#primaryimage\",\"url\":\"https:\/\/ursulaheimann.de\/wp-content\/uploads\/2024\/05\/Eroeffnung-Haus-der-Moeglichkeiten-Ursula-Heimann-Stadt-Soltau.jpg\",\"contentUrl\":\"https:\/\/ursulaheimann.de\/wp-content\/uploads\/2024\/05\/Eroeffnung-Haus-der-Moeglichkeiten-Ursula-Heimann-Stadt-Soltau.jpg\",\"width\":2000,\"height\":1333,\"caption\":\"Foto: R. Katterwe \/ Stadt Soltau\"},{\"@type\":\"BreadcrumbList\",\"@id\":\"https:\/\/ursulaheimann.de\/de\/haus-der-moeglichkeiten-in-soltau-eroeffnet\/#breadcrumb\",\"itemListElement\":[{\"@type\":\"ListItem\",\"position\":1,\"name\":\"Home\",\"item\":\"https:\/\/ursulaheimann.de\/de\/\"},{\"@type\":\"ListItem\",\"position\":2,\"name\":\"Haus der M\u00f6glichkeiten in Soltau er\u00f6ffnet\"}]},{\"@type\":\"WebSite\",\"@id\":\"https:\/\/ursulaheimann.de\/de\/#website\",\"url\":\"https:\/\/ursulaheimann.de\/de\/\",\"name\":\"Dr. Ursula Heimann\",\"description\":\"Unternehmen gr\u00fcnden und weiterentwickeln\",\"potentialAction\":[{\"@type\":\"SearchAction\",\"target\":{\"@type\":\"EntryPoint\",\"urlTemplate\":\"https:\/\/ursulaheimann.de\/de\/?s={search_term_string}\"},\"query-input\":{\"@type\":\"PropertyValueSpecification\",\"valueRequired\":true,\"valueName\":\"search_term_string\"}}],\"inLanguage\":\"de\"},{\"@type\":\"Person\",\"@id\":\"https:\/\/ursulaheimann.de\/de\/#\/schema\/person\/043440b9652eb2b708094aad16cbefb1\",\"name\":\"Ursula Heimann\",\"url\":\"https:\/\/ursulaheimann.de\/de\/author\/ursula-heimann\/\"}]}<\/script>\n<!-- \/ Yoast SEO plugin. -->","yoast_head_json":{"title":"Haus der M\u00f6glichkeiten in Soltau er\u00f6ffnet - Dr. Ursula Heimann","robots":{"index":"index","follow":"follow","max-snippet":"max-snippet:-1","max-image-preview":"max-image-preview:large","max-video-preview":"max-video-preview:-1"},"canonical":"https:\/\/ursulaheimann.de\/de\/haus-der-moeglichkeiten-in-soltau-eroeffnet\/","og_locale":"de_DE","og_type":"article","og_title":"Haus der M\u00f6glichkeiten in Soltau er\u00f6ffnet - Dr. Ursula Heimann","og_description":"Am 13. April 2024 wurde das Haus der M\u00f6glichkeiten in der Soltauer Marktstra\u00dfe 31 er\u00f6ffnet. Im Mittelpunkt stehen Soltauer Verein, Soltauer K\u00fcnstler und die Ausstellung der [\u2026]","og_url":"https:\/\/ursulaheimann.de\/de\/haus-der-moeglichkeiten-in-soltau-eroeffnet\/","og_site_name":"Dr. Ursula Heimann","article_published_time":"2024-05-01T12:21:20+00:00","og_image":[{"width":2000,"height":1333,"url":"https:\/\/ursulaheimann.de\/wp-content\/uploads\/2024\/05\/Eroeffnung-Haus-der-Moeglichkeiten-Ursula-Heimann-Stadt-Soltau.jpg","type":"image\/jpeg"}],"author":"Ursula Heimann","twitter_card":"summary_large_image","twitter_misc":{"Verfasst von":"Ursula Heimann","Gesch\u00e4tzte Lesezeit":"1\u00a0Minute"},"schema":{"@context":"https:\/\/schema.org","@graph":[{"@type":"WebPage","@id":"https:\/\/ursulaheimann.de\/de\/haus-der-moeglichkeiten-in-soltau-eroeffnet\/","url":"https:\/\/ursulaheimann.de\/de\/haus-der-moeglichkeiten-in-soltau-eroeffnet\/","name":"Haus der M\u00f6glichkeiten in Soltau er\u00f6ffnet - Dr. Ursula Heimann","isPartOf":{"@id":"https:\/\/ursulaheimann.de\/de\/#website"},"primaryImageOfPage":{"@id":"https:\/\/ursulaheimann.de\/de\/haus-der-moeglichkeiten-in-soltau-eroeffnet\/#primaryimage"},"image":{"@id":"https:\/\/ursulaheimann.de\/de\/haus-der-moeglichkeiten-in-soltau-eroeffnet\/#primaryimage"},"thumbnailUrl":"https:\/\/ursulaheimann.de\/wp-content\/uploads\/2024\/05\/Eroeffnung-Haus-der-Moeglichkeiten-Ursula-Heimann-Stadt-Soltau.jpg","datePublished":"2024-05-01T12:21:20+00:00","dateModified":"2024-05-01T12:21:20+00:00","author":{"@id":"https:\/\/ursulaheimann.de\/de\/#\/schema\/person\/043440b9652eb2b708094aad16cbefb1"},"breadcrumb":{"@id":"https:\/\/ursulaheimann.de\/de\/haus-der-moeglichkeiten-in-soltau-eroeffnet\/#breadcrumb"},"inLanguage":"de","potentialAction":[{"@type":"ReadAction","target":["https:\/\/ursulaheimann.de\/de\/haus-der-moeglichkeiten-in-soltau-eroeffnet\/"]}]},{"@type":"ImageObject","inLanguage":"de","@id":"https:\/\/ursulaheimann.de\/de\/haus-der-moeglichkeiten-in-soltau-eroeffnet\/#primaryimage","url":"https:\/\/ursulaheimann.de\/wp-content\/uploads\/2024\/05\/Eroeffnung-Haus-der-Moeglichkeiten-Ursula-Heimann-Stadt-Soltau.jpg","contentUrl":"https:\/\/ursulaheimann.de\/wp-content\/uploads\/2024\/05\/Eroeffnung-Haus-der-Moeglichkeiten-Ursula-Heimann-Stadt-Soltau.jpg","width":2000,"height":1333,"caption":"Foto: R. Katterwe \/ Stadt Soltau"},{"@type":"BreadcrumbList","@id":"https:\/\/ursulaheimann.de\/de\/haus-der-moeglichkeiten-in-soltau-eroeffnet\/#breadcrumb","itemListElement":[{"@type":"ListItem","position":1,"name":"Home","item":"https:\/\/ursulaheimann.de\/de\/"},{"@type":"ListItem","position":2,"name":"Haus der M\u00f6glichkeiten in Soltau er\u00f6ffnet"}]},{"@type":"WebSite","@id":"https:\/\/ursulaheimann.de\/de\/#website","url":"https:\/\/ursulaheimann.de\/de\/","name":"Dr. Ursula Heimann","description":"Unternehmen gr\u00fcnden und weiterentwickeln","potentialAction":[{"@type":"SearchAction","target":{"@type":"EntryPoint","urlTemplate":"https:\/\/ursulaheimann.de\/de\/?s={search_term_string}"},"query-input":{"@type":"PropertyValueSpecification","valueRequired":true,"valueName":"search_term_string"}}],"inLanguage":"de"},{"@type":"Person","@id":"https:\/\/ursulaheimann.de\/de\/#\/schema\/person\/043440b9652eb2b708094aad16cbefb1","name":"Ursula Heimann","url":"https:\/\/ursulaheimann.de\/de\/author\/ursula-heimann\/"}]}},"_links":{"self":[{"href":"https:\/\/ursulaheimann.de\/de\/wp-json\/wp\/v2\/posts\/1220","targetHints":{"allow":["GET"]}}],"collection":[{"href":"https:\/\/ursulaheimann.de\/de\/wp-json\/wp\/v2\/posts"}],"about":[{"href":"https:\/\/ursulaheimann.de\/de\/wp-json\/wp\/v2\/types\/post"}],"author":[{"embeddable":true,"href":"https:\/\/ursulaheimann.de\/de\/wp-json\/wp\/v2\/users\/2"}],"replies":[{"embeddable":true,"href":"https:\/\/ursulaheimann.de\/de\/wp-json\/wp\/v2\/comments?post=1220"}],"version-history":[{"count":1,"href":"https:\/\/ursulaheimann.de\/de\/wp-json\/wp\/v2\/posts\/1220\/revisions"}],"predecessor-version":[{"id":1224,"href":"https:\/\/ursulaheimann.de\/de\/wp-json\/wp\/v2\/posts\/1220\/revisions\/1224"}],"wp:featuredmedia":[{"embeddable":true,"href":"https:\/\/ursulaheimann.de\/de\/wp-json\/wp\/v2\/media\/1221"}],"wp:attachment":[{"href":"https:\/\/ursulaheimann.de\/de\/wp-json\/wp\/v2\/media?parent=1220"}],"wp:term":[{"taxonomy":"category","embeddable":true,"href":"https:\/\/ursulaheimann.de\/de\/wp-json\/wp\/v2\/categories?post=1220"},{"taxonomy":"post_tag","embeddable":true,"href":"https:\/\/ursulaheimann.de\/de\/wp-json\/wp\/v2\/tags?post=1220"}],"curies":[{"name":"wp","href":"https:\/\/api.w.org\/{rel}","templated":true}]}}