{"id":1030,"date":"2023-10-02T15:33:32","date_gmt":"2023-10-02T15:33:32","guid":{"rendered":"https:\/\/ursulaheimann.de\/?p=1030"},"modified":"2023-11-07T09:05:10","modified_gmt":"2023-11-07T09:05:10","slug":"nachaltigkeitsstrategien-fuer-social-businesses-und-mittelstaendische-betriebe","status":"publish","type":"post","link":"https:\/\/ursulaheimann.de\/de\/nachaltigkeitsstrategien-fuer-social-businesses-und-mittelstaendische-betriebe\/","title":{"rendered":"Nachhaltigkeitsstrategien f\u00fcr Social Businesses und mittelst\u00e4ndische Betriebe"},"content":{"rendered":"<p style=\"font-weight: 400;\">Gemeinwohlorientierte Unternehmen oder Social Businesses sind nicht per se nachhaltig und sollten sich, genau wie \u201eklassische\u201c Unternehmen, die vielf\u00e4ltigen Ebenen von Nachhaltigkeit beleuchten, Handlungsbedarf identifizieren und Handlungsoptionen umsetzen, um langfristig zukunftsf\u00e4hig, attraktiv und resilient aufgestellt zu sein.<\/p>\n<p style=\"font-weight: 400;\">Nachhaltigkeit im Unternehmen betrifft vielfache Aspekte in mehreren Dimensionen, vor allem bezogen auf die wirtschaftliche, operative, \u00f6kologische und soziale Nachhaltigkeit.<\/p>\n<p style=\"font-weight: 400;\">Wirtschaftliche Nachhaltigkeit betrifft die finanzielle Situation eines Unternehmens, seine Einnahmen, Ausgaben und Gewinn, die ein langfristiges Handeln und Erreichen von Impact erm\u00f6glichen. Operative Nachhaltigkeit betrifft u.a. Prozesse, Gesch\u00e4ftsmodelle, Mitarbeiter und Unternehmens- und F\u00fchrungskultur, die so gestaltet werden m\u00fcssen, dass das Social Business seine Ziele umsetzen kann, langfristig handlungsf\u00e4hig ist und Fachkr\u00e4fte dauerhaft anziehen und binden kann.<\/p>\n<p style=\"font-weight: 400;\">Die \u00f6kologische Dimension betrifft zum einen grunds\u00e4tzlich die Reduzierung oder besser noch Vermeidung von Umweltsch\u00e4den und im Speziellen Ma\u00dfnahmen f\u00fcr Klimaschutz und Klimaresilienz. Die soziale Ebene der Nachhaltigkeit betrifft soziale Innovationen, die zur L\u00f6sung weiterer gro\u00dfer gesellschaftlicher Herausforderungen beitragen k\u00f6nnen, beispielsweise Inklusion und Integration, Zugang zu grundlegenden Dienstleistungen, neue Mobilit\u00e4tskonzepte, etc.<\/p>\n<p style=\"font-weight: 400;\">Unser Checkup Nachhaltigkeit bietet Social Business und gemeinwohlorientierten Unternehmen sowie klassischen Familienbetrieben und kleinen mittelst\u00e4ndischen Unternehmen eine erste Analyse ihrer Situation in einigen der genannten Handlungsfeldern. Erste Handlungsoptionen werden identifiziert und aufgezeigt auf denen strategische Ma\u00dfnahmen aufbauen k\u00f6nnen.<\/p>\n<p style=\"font-weight: 400;\">Bis Dezember 2023 bieten wir kostenlose Workshops an im Rahmen unseres Programmes GUSTAV, finanziert durch F\u00f6rdermittel des Bundesministeriums f\u00fcr Wirtschaft und Klimaschutz. Mehr Information und Anmeldung <a href=\"https:\/\/ursulaheimann.de\/react-with-impact-projekt-gustav\/\">hier.<\/a><\/p>\n","protected":false},"excerpt":{"rendered":"<p>Gemeinwohlorientierte Unternehmen oder Social Businesses sind nicht per se nachhaltig und sollten sich, genau wie \u201eklassische\u201c Unternehmen, die vielf\u00e4ltigen Ebenen von Nachhaltigkeit beleuchten, Handlungsbedarf identifizieren und<span class=\"excerpt-hellip\"> [\u2026]<\/span><\/p>\n","protected":false},"author":2,"featured_media":1033,"comment_status":"closed","ping_status":"closed","sticky":false,"template":"","format":"standard","meta":{"footnotes":""},"categories":[81],"tags":[],"class_list":["post-1030","post","type-post","status-publish","format-standard","has-post-thumbnail","hentry","category-uncategorized-2"],"yoast_head":"<!-- This site is optimized with the Yoast SEO plugin v23.8 - https:\/\/yoast.com\/wordpress\/plugins\/seo\/ -->\n<title>Nachhaltigkeitsstrategien f\u00fcr Social Businesses und mittelst\u00e4ndische Betriebe - Dr. Ursula Heimann<\/title>\n<meta name=\"robots\" content=\"index, follow, max-snippet:-1, max-image-preview:large, max-video-preview:-1\" \/>\n<link rel=\"canonical\" href=\"https:\/\/ursulaheimann.de\/de\/nachaltigkeitsstrategien-fuer-social-businesses-und-mittelstaendische-betriebe\/\" \/>\n<meta property=\"og:locale\" content=\"de_DE\" \/>\n<meta property=\"og:type\" content=\"article\" \/>\n<meta property=\"og:title\" content=\"Nachhaltigkeitsstrategien f\u00fcr Social Businesses und mittelst\u00e4ndische Betriebe - Dr. Ursula Heimann\" \/>\n<meta property=\"og:description\" content=\"Gemeinwohlorientierte Unternehmen oder Social Businesses sind nicht per se nachhaltig und sollten sich, genau wie \u201eklassische\u201c Unternehmen, die vielf\u00e4ltigen Ebenen von Nachhaltigkeit beleuchten, Handlungsbedarf identifizieren und [\u2026]\" \/>\n<meta property=\"og:url\" content=\"https:\/\/ursulaheimann.de\/de\/nachaltigkeitsstrategien-fuer-social-businesses-und-mittelstaendische-betriebe\/\" \/>\n<meta property=\"og:site_name\" content=\"Dr. Ursula Heimann\" \/>\n<meta property=\"article:published_time\" content=\"2023-10-02T15:33:32+00:00\" \/>\n<meta property=\"article:modified_time\" content=\"2023-11-07T09:05:10+00:00\" \/>\n<meta property=\"og:image\" content=\"https:\/\/ursulaheimann.de\/wp-content\/uploads\/2023\/10\/Redes-2-Gerd-Altmann-Pixabay.jpg\" \/>\n\t<meta property=\"og:image:width\" content=\"1920\" \/>\n\t<meta property=\"og:image:height\" content=\"1280\" \/>\n\t<meta property=\"og:image:type\" content=\"image\/jpeg\" \/>\n<meta name=\"author\" content=\"Ursula Heimann\" \/>\n<meta name=\"twitter:card\" content=\"summary_large_image\" \/>\n<meta name=\"twitter:label1\" content=\"Verfasst von\" \/>\n\t<meta name=\"twitter:data1\" content=\"Ursula Heimann\" \/>\n\t<meta name=\"twitter:label2\" content=\"Gesch\u00e4tzte Lesezeit\" \/>\n\t<meta name=\"twitter:data2\" content=\"2\u00a0Minuten\" \/>\n<script type=\"application\/ld+json\" class=\"yoast-schema-graph\">{\"@context\":\"https:\/\/schema.org\",\"@graph\":[{\"@type\":\"WebPage\",\"@id\":\"https:\/\/ursulaheimann.de\/de\/nachaltigkeitsstrategien-fuer-social-businesses-und-mittelstaendische-betriebe\/\",\"url\":\"https:\/\/ursulaheimann.de\/de\/nachaltigkeitsstrategien-fuer-social-businesses-und-mittelstaendische-betriebe\/\",\"name\":\"Nachhaltigkeitsstrategien f\u00fcr Social Businesses und mittelst\u00e4ndische Betriebe - Dr. Ursula Heimann\",\"isPartOf\":{\"@id\":\"https:\/\/ursulaheimann.de\/de\/#website\"},\"primaryImageOfPage\":{\"@id\":\"https:\/\/ursulaheimann.de\/de\/nachaltigkeitsstrategien-fuer-social-businesses-und-mittelstaendische-betriebe\/#primaryimage\"},\"image\":{\"@id\":\"https:\/\/ursulaheimann.de\/de\/nachaltigkeitsstrategien-fuer-social-businesses-und-mittelstaendische-betriebe\/#primaryimage\"},\"thumbnailUrl\":\"https:\/\/ursulaheimann.de\/wp-content\/uploads\/2023\/10\/Redes-2-Gerd-Altmann-Pixabay.jpg\",\"datePublished\":\"2023-10-02T15:33:32+00:00\",\"dateModified\":\"2023-11-07T09:05:10+00:00\",\"author\":{\"@id\":\"https:\/\/ursulaheimann.de\/de\/#\/schema\/person\/043440b9652eb2b708094aad16cbefb1\"},\"breadcrumb\":{\"@id\":\"https:\/\/ursulaheimann.de\/de\/nachaltigkeitsstrategien-fuer-social-businesses-und-mittelstaendische-betriebe\/#breadcrumb\"},\"inLanguage\":\"de\",\"potentialAction\":[{\"@type\":\"ReadAction\",\"target\":[\"https:\/\/ursulaheimann.de\/de\/nachaltigkeitsstrategien-fuer-social-businesses-und-mittelstaendische-betriebe\/\"]}]},{\"@type\":\"ImageObject\",\"inLanguage\":\"de\",\"@id\":\"https:\/\/ursulaheimann.de\/de\/nachaltigkeitsstrategien-fuer-social-businesses-und-mittelstaendische-betriebe\/#primaryimage\",\"url\":\"https:\/\/ursulaheimann.de\/wp-content\/uploads\/2023\/10\/Redes-2-Gerd-Altmann-Pixabay.jpg\",\"contentUrl\":\"https:\/\/ursulaheimann.de\/wp-content\/uploads\/2023\/10\/Redes-2-Gerd-Altmann-Pixabay.jpg\",\"width\":1920,\"height\":1280,\"caption\":\"Foto: Pixabay\"},{\"@type\":\"BreadcrumbList\",\"@id\":\"https:\/\/ursulaheimann.de\/de\/nachaltigkeitsstrategien-fuer-social-businesses-und-mittelstaendische-betriebe\/#breadcrumb\",\"itemListElement\":[{\"@type\":\"ListItem\",\"position\":1,\"name\":\"Home\",\"item\":\"https:\/\/ursulaheimann.de\/de\/\"},{\"@type\":\"ListItem\",\"position\":2,\"name\":\"Nachhaltigkeitsstrategien f\u00fcr Social Businesses und mittelst\u00e4ndische Betriebe\"}]},{\"@type\":\"WebSite\",\"@id\":\"https:\/\/ursulaheimann.de\/de\/#website\",\"url\":\"https:\/\/ursulaheimann.de\/de\/\",\"name\":\"Dr. Ursula Heimann\",\"description\":\"Unternehmen gr\u00fcnden und weiterentwickeln\",\"potentialAction\":[{\"@type\":\"SearchAction\",\"target\":{\"@type\":\"EntryPoint\",\"urlTemplate\":\"https:\/\/ursulaheimann.de\/de\/?s={search_term_string}\"},\"query-input\":{\"@type\":\"PropertyValueSpecification\",\"valueRequired\":true,\"valueName\":\"search_term_string\"}}],\"inLanguage\":\"de\"},{\"@type\":\"Person\",\"@id\":\"https:\/\/ursulaheimann.de\/de\/#\/schema\/person\/043440b9652eb2b708094aad16cbefb1\",\"name\":\"Ursula Heimann\",\"url\":\"https:\/\/ursulaheimann.de\/de\/author\/ursula-heimann\/\"}]}<\/script>\n<!-- \/ Yoast SEO plugin. -->","yoast_head_json":{"title":"Nachhaltigkeitsstrategien f\u00fcr Social Businesses und mittelst\u00e4ndische Betriebe - Dr. Ursula Heimann","robots":{"index":"index","follow":"follow","max-snippet":"max-snippet:-1","max-image-preview":"max-image-preview:large","max-video-preview":"max-video-preview:-1"},"canonical":"https:\/\/ursulaheimann.de\/de\/nachaltigkeitsstrategien-fuer-social-businesses-und-mittelstaendische-betriebe\/","og_locale":"de_DE","og_type":"article","og_title":"Nachhaltigkeitsstrategien f\u00fcr Social Businesses und mittelst\u00e4ndische Betriebe - Dr. Ursula Heimann","og_description":"Gemeinwohlorientierte Unternehmen oder Social Businesses sind nicht per se nachhaltig und sollten sich, genau wie \u201eklassische\u201c Unternehmen, die vielf\u00e4ltigen Ebenen von Nachhaltigkeit beleuchten, Handlungsbedarf identifizieren und [\u2026]","og_url":"https:\/\/ursulaheimann.de\/de\/nachaltigkeitsstrategien-fuer-social-businesses-und-mittelstaendische-betriebe\/","og_site_name":"Dr. Ursula Heimann","article_published_time":"2023-10-02T15:33:32+00:00","article_modified_time":"2023-11-07T09:05:10+00:00","og_image":[{"width":1920,"height":1280,"url":"https:\/\/ursulaheimann.de\/wp-content\/uploads\/2023\/10\/Redes-2-Gerd-Altmann-Pixabay.jpg","type":"image\/jpeg"}],"author":"Ursula Heimann","twitter_card":"summary_large_image","twitter_misc":{"Verfasst von":"Ursula Heimann","Gesch\u00e4tzte Lesezeit":"2\u00a0Minuten"},"schema":{"@context":"https:\/\/schema.org","@graph":[{"@type":"WebPage","@id":"https:\/\/ursulaheimann.de\/de\/nachaltigkeitsstrategien-fuer-social-businesses-und-mittelstaendische-betriebe\/","url":"https:\/\/ursulaheimann.de\/de\/nachaltigkeitsstrategien-fuer-social-businesses-und-mittelstaendische-betriebe\/","name":"Nachhaltigkeitsstrategien f\u00fcr Social Businesses und mittelst\u00e4ndische Betriebe - Dr. Ursula Heimann","isPartOf":{"@id":"https:\/\/ursulaheimann.de\/de\/#website"},"primaryImageOfPage":{"@id":"https:\/\/ursulaheimann.de\/de\/nachaltigkeitsstrategien-fuer-social-businesses-und-mittelstaendische-betriebe\/#primaryimage"},"image":{"@id":"https:\/\/ursulaheimann.de\/de\/nachaltigkeitsstrategien-fuer-social-businesses-und-mittelstaendische-betriebe\/#primaryimage"},"thumbnailUrl":"https:\/\/ursulaheimann.de\/wp-content\/uploads\/2023\/10\/Redes-2-Gerd-Altmann-Pixabay.jpg","datePublished":"2023-10-02T15:33:32+00:00","dateModified":"2023-11-07T09:05:10+00:00","author":{"@id":"https:\/\/ursulaheimann.de\/de\/#\/schema\/person\/043440b9652eb2b708094aad16cbefb1"},"breadcrumb":{"@id":"https:\/\/ursulaheimann.de\/de\/nachaltigkeitsstrategien-fuer-social-businesses-und-mittelstaendische-betriebe\/#breadcrumb"},"inLanguage":"de","potentialAction":[{"@type":"ReadAction","target":["https:\/\/ursulaheimann.de\/de\/nachaltigkeitsstrategien-fuer-social-businesses-und-mittelstaendische-betriebe\/"]}]},{"@type":"ImageObject","inLanguage":"de","@id":"https:\/\/ursulaheimann.de\/de\/nachaltigkeitsstrategien-fuer-social-businesses-und-mittelstaendische-betriebe\/#primaryimage","url":"https:\/\/ursulaheimann.de\/wp-content\/uploads\/2023\/10\/Redes-2-Gerd-Altmann-Pixabay.jpg","contentUrl":"https:\/\/ursulaheimann.de\/wp-content\/uploads\/2023\/10\/Redes-2-Gerd-Altmann-Pixabay.jpg","width":1920,"height":1280,"caption":"Foto: Pixabay"},{"@type":"BreadcrumbList","@id":"https:\/\/ursulaheimann.de\/de\/nachaltigkeitsstrategien-fuer-social-businesses-und-mittelstaendische-betriebe\/#breadcrumb","itemListElement":[{"@type":"ListItem","position":1,"name":"Home","item":"https:\/\/ursulaheimann.de\/de\/"},{"@type":"ListItem","position":2,"name":"Nachhaltigkeitsstrategien f\u00fcr Social Businesses und mittelst\u00e4ndische Betriebe"}]},{"@type":"WebSite","@id":"https:\/\/ursulaheimann.de\/de\/#website","url":"https:\/\/ursulaheimann.de\/de\/","name":"Dr. Ursula Heimann","description":"Unternehmen gr\u00fcnden und weiterentwickeln","potentialAction":[{"@type":"SearchAction","target":{"@type":"EntryPoint","urlTemplate":"https:\/\/ursulaheimann.de\/de\/?s={search_term_string}"},"query-input":{"@type":"PropertyValueSpecification","valueRequired":true,"valueName":"search_term_string"}}],"inLanguage":"de"},{"@type":"Person","@id":"https:\/\/ursulaheimann.de\/de\/#\/schema\/person\/043440b9652eb2b708094aad16cbefb1","name":"Ursula Heimann","url":"https:\/\/ursulaheimann.de\/de\/author\/ursula-heimann\/"}]}},"_links":{"self":[{"href":"https:\/\/ursulaheimann.de\/de\/wp-json\/wp\/v2\/posts\/1030","targetHints":{"allow":["GET"]}}],"collection":[{"href":"https:\/\/ursulaheimann.de\/de\/wp-json\/wp\/v2\/posts"}],"about":[{"href":"https:\/\/ursulaheimann.de\/de\/wp-json\/wp\/v2\/types\/post"}],"author":[{"embeddable":true,"href":"https:\/\/ursulaheimann.de\/de\/wp-json\/wp\/v2\/users\/2"}],"replies":[{"embeddable":true,"href":"https:\/\/ursulaheimann.de\/de\/wp-json\/wp\/v2\/comments?post=1030"}],"version-history":[{"count":2,"href":"https:\/\/ursulaheimann.de\/de\/wp-json\/wp\/v2\/posts\/1030\/revisions"}],"predecessor-version":[{"id":1053,"href":"https:\/\/ursulaheimann.de\/de\/wp-json\/wp\/v2\/posts\/1030\/revisions\/1053"}],"wp:featuredmedia":[{"embeddable":true,"href":"https:\/\/ursulaheimann.de\/de\/wp-json\/wp\/v2\/media\/1033"}],"wp:attachment":[{"href":"https:\/\/ursulaheimann.de\/de\/wp-json\/wp\/v2\/media?parent=1030"}],"wp:term":[{"taxonomy":"category","embeddable":true,"href":"https:\/\/ursulaheimann.de\/de\/wp-json\/wp\/v2\/categories?post=1030"},{"taxonomy":"post_tag","embeddable":true,"href":"https:\/\/ursulaheimann.de\/de\/wp-json\/wp\/v2\/tags?post=1030"}],"curies":[{"name":"wp","href":"https:\/\/api.w.org\/{rel}","templated":true}]}}